{"id":474,"date":"2025-06-06T14:21:00","date_gmt":"2025-06-06T14:21:00","guid":{"rendered":"https:\/\/bbfw.pl\/?p=474"},"modified":"2025-08-11T16:38:27","modified_gmt":"2025-08-11T16:38:27","slug":"wizyta-marszalka","status":"publish","type":"post","link":"https:\/\/bbfw.pl\/?p=474","title":{"rendered":"Wizyta Marsza\u0142ka"},"content":{"rendered":"\n<p>3 czerwca na terenie Gminy Bia\u0142y B\u00f3r odby\u0142a si\u0119 wizyta z marsza\u0142ka wojew\u00f3dztwa zachodniopomorskiego Olgierda Geblewicza, po\u015bwi\u0119cone Zintegrowanym Inwestycjom Terytorialnym (ZIT) \u2013 jednemu z najwa\u017cniejszych narz\u0119dzi wsparcia dla samorz\u0105d\u00f3w w ramach Funduszy Europejskich. W spotkaniach uczyli r\u00f3wnie\u017c w\u0142odarze regionu Pan starosta Krzysztof Lis, burmistrz Bia\u0142ego Boru Pawe\u0142 Miko\u0142ajewski. Rozmawiano o wsp\u00f3lnych projektach i planach na najbli\u017csze miesi\u0105ce. W trakcie wizyty Marsza\u0142ek odwiedzi\u0142 r\u00f3wnie\u017c Bia\u0142oborskie Szko\u0142y, dawn\u0105 stadnin\u0119 koni, pensjonat Hubertus, a tak\u017ce jednym z punkt\u00f3w by\u0142a wizyta na naszej Farmie Wiatrowej Bia\u0142y B\u00f3r sk\u0142adaj\u0105cej si\u0119 z 42 turbin i b\u0119d\u0105cej jednym z najwi\u0119kszych wytw\u00f3rc\u00f3w OZE w wojew\u00f3dztwie. Spotkanie by\u0142o okazj\u0105 do zaprezentowania nas, nie tylko jako wytw\u00f3rcy energii, ale r\u00f3wnie\u017c aktywnego cz\u0142onka lokalnej spo\u0142eczno\u015bci, zaanga\u017cowanego we wspieranie lokalnych inicjatyw, szk\u00f3\u0142 i stowarzysze\u0144. Go\u015bcie z zainteresowaniem wys\u0142uchali r\u00f3wnie\u017c informacji o dalszych planach rozwojowych w\u0142a\u015bcicieli Farmy zwi\u0105zanych z realizacj\u0105 kolejnych projekt\u00f3w obejmuj\u0105cych farm\u0119 fotowoltaiczn\u0105 oraz magazyn energii w systemie tzw. \u201ecable pooling\u201d czyli wsp\u00f3\u0142dzia\u0142ania r\u00f3\u017cnych instalacji OZE z wykorzystaniem tej samej infrastruktury przy\u0142\u0105czeniowej.<\/p>\n\n\n\n<p>Wi\u0119cej informacji na temat wizyty znajd\u0105 Pa\u0144stwo na stronie Starostwa Szczecinek:<br><a href=\"https:\/\/www.facebook.com\/share\/p\/1GeXmKE5rC\/?mibextid=wwXIfr\">https:\/\/www.facebook.com\/share\/p\/<\/a><a href=\"https:\/\/www.facebook.com\/share\/p\/1GeXmKE5rC\/?mibextid=wwXIfr\" target=\"_blank\" rel=\"noreferrer noopener\">1GeXmKE5rC<\/a><a href=\"https:\/\/www.facebook.com\/share\/p\/1GeXmKE5rC\/?mibextid=wwXIfr\">\/?mibextid=wwXIfr<\/a><\/p>\n\n\n\n<figure class=\"wp-block-image size-large\"><img fetchpriority=\"high\" decoding=\"async\" width=\"1024\" height=\"577\" src=\"https:\/\/bbfw.pl\/wp-content\/uploads\/2025\/08\/DSC00625-Copy-1024x577.jpg\" alt=\"\" class=\"wp-image-480 img-fluid \" srcset=\"https:\/\/bbfw.pl\/wp-content\/uploads\/2025\/08\/DSC00625-Copy-1024x577.jpg 1024w, https:\/\/bbfw.pl\/wp-content\/uploads\/2025\/08\/DSC00625-Copy-300x169.jpg 300w, https:\/\/bbfw.pl\/wp-content\/uploads\/2025\/08\/DSC00625-Copy-768x433.jpg 768w, https:\/\/bbfw.pl\/wp-content\/uploads\/2025\/08\/DSC00625-Copy.jpg 1280w\" sizes=\"(max-width: 1024px) 100vw, 1024px\" \/><\/figure>\n\n\n\n<figure class=\"wp-block-image size-large\"><img decoding=\"async\" width=\"1024\" height=\"577\" src=\"https:\/\/bbfw.pl\/wp-content\/uploads\/2025\/08\/DSC00669-Copy-1024x577.jpg\" alt=\"\" class=\"wp-image-479 img-fluid \" srcset=\"https:\/\/bbfw.pl\/wp-content\/uploads\/2025\/08\/DSC00669-Copy-1024x577.jpg 1024w, https:\/\/bbfw.pl\/wp-content\/uploads\/2025\/08\/DSC00669-Copy-300x169.jpg 300w, https:\/\/bbfw.pl\/wp-content\/uploads\/2025\/08\/DSC00669-Copy-768x433.jpg 768w, https:\/\/bbfw.pl\/wp-content\/uploads\/2025\/08\/DSC00669-Copy.jpg 1280w\" sizes=\"(max-width: 1024px) 100vw, 1024px\" \/><\/figure>\n\n\n\n<figure class=\"wp-block-image size-large\"><img decoding=\"async\" width=\"1024\" height=\"577\" src=\"https:\/\/bbfw.pl\/wp-content\/uploads\/2025\/08\/DSC00681-Copy-1024x577.jpg\" alt=\"\" class=\"wp-image-478 img-fluid \" srcset=\"https:\/\/bbfw.pl\/wp-content\/uploads\/2025\/08\/DSC00681-Copy-1024x577.jpg 1024w, https:\/\/bbfw.pl\/wp-content\/uploads\/2025\/08\/DSC00681-Copy-300x169.jpg 300w, https:\/\/bbfw.pl\/wp-content\/uploads\/2025\/08\/DSC00681-Copy-768x433.jpg 768w, https:\/\/bbfw.pl\/wp-content\/uploads\/2025\/08\/DSC00681-Copy.jpg 1280w\" sizes=\"(max-width: 1024px) 100vw, 1024px\" \/><\/figure>\n\n\n\n<figure class=\"wp-block-image size-large\"><img loading=\"lazy\" decoding=\"async\" width=\"1024\" height=\"577\" src=\"https:\/\/bbfw.pl\/wp-content\/uploads\/2025\/08\/DSC00690-Copy-1024x577.jpg\" alt=\"\" class=\"wp-image-477 img-fluid \" srcset=\"https:\/\/bbfw.pl\/wp-content\/uploads\/2025\/08\/DSC00690-Copy-1024x577.jpg 1024w, https:\/\/bbfw.pl\/wp-content\/uploads\/2025\/08\/DSC00690-Copy-300x169.jpg 300w, https:\/\/bbfw.pl\/wp-content\/uploads\/2025\/08\/DSC00690-Copy-768x433.jpg 768w, https:\/\/bbfw.pl\/wp-content\/uploads\/2025\/08\/DSC00690-Copy.jpg 1280w\" sizes=\"(max-width: 1024px) 100vw, 1024px\" \/><\/figure>\n\n\n\n<figure class=\"wp-block-image size-large\"><img loading=\"lazy\" decoding=\"async\" width=\"1024\" height=\"577\" src=\"https:\/\/bbfw.pl\/wp-content\/uploads\/2025\/08\/DSC00696-Copy-1024x577.jpg\" alt=\"\" class=\"wp-image-476 img-fluid \" srcset=\"https:\/\/bbfw.pl\/wp-content\/uploads\/2025\/08\/DSC00696-Copy-1024x577.jpg 1024w, https:\/\/bbfw.pl\/wp-content\/uploads\/2025\/08\/DSC00696-Copy-300x169.jpg 300w, https:\/\/bbfw.pl\/wp-content\/uploads\/2025\/08\/DSC00696-Copy-768x433.jpg 768w, https:\/\/bbfw.pl\/wp-content\/uploads\/2025\/08\/DSC00696-Copy.jpg 1280w\" sizes=\"(max-width: 1024px) 100vw, 1024px\" \/><\/figure>\n","protected":false},"excerpt":{"rendered":"<p>3 czerwca na terenie Gminy Bia\u0142y B\u00f3r odby\u0142a si\u0119 wizyta z marsza\u0142ka wojew\u00f3dztwa zachodniopomorskiego Olgierda Geblewicza, po\u015bwi\u0119cone Zintegrowanym Inwestycjom Terytorialnym &hellip; <\/p>\n<p class=\"link-more\"><a href=\"https:\/\/bbfw.pl\/?p=474\" class=\"more-link fw-bold\"><span class=\"more-link-arrow me-2 position-relative rounded-circle d-inline-block\"><\/span> Continue reading<span class=\"screen-reader-text\"> &#8222;Wizyta Marsza\u0142ka&#8221;<\/span><\/a><\/p>\n","protected":false},"author":1,"featured_media":478,"comment_status":"closed","ping_status":"closed","sticky":false,"template":"","format":"standard","meta":{"footnotes":""},"categories":[14],"tags":[],"class_list":["post-474","post","type-post","status-publish","format-standard","has-post-thumbnail","hentry","category-pl-pl"],"yoast_head":"<!-- This site is optimized with the Yoast SEO plugin v27.4 - https:\/\/yoast.com\/product\/yoast-seo-wordpress\/ -->\n<title>Wizyta Marsza\u0142ka - BBFW - BB Farma Wiatrowa Sp. z.o.o.<\/title>\n<meta name=\"robots\" content=\"index, follow, max-snippet:-1, max-image-preview:large, max-video-preview:-1\" \/>\n<link rel=\"canonical\" href=\"https:\/\/bbfw.pl\/?p=474\" \/>\n<meta property=\"og:locale\" content=\"pl_PL\" \/>\n<meta property=\"og:type\" content=\"article\" \/>\n<meta property=\"og:title\" content=\"Wizyta Marsza\u0142ka - BBFW - BB Farma Wiatrowa Sp. z.o.o.\" \/>\n<meta property=\"og:description\" content=\"3 czerwca na terenie Gminy Bia\u0142y B\u00f3r odby\u0142a si\u0119 wizyta z marsza\u0142ka wojew\u00f3dztwa zachodniopomorskiego Olgierda Geblewicza, po\u015bwi\u0119cone Zintegrowanym Inwestycjom Terytorialnym &hellip; Continue reading &quot;Wizyta Marsza\u0142ka&quot;\" \/>\n<meta property=\"og:url\" content=\"https:\/\/bbfw.pl\/?p=474\" \/>\n<meta property=\"og:site_name\" content=\"BBFW - BB Farma Wiatrowa Sp. z.o.o.\" \/>\n<meta property=\"article:published_time\" content=\"2025-06-06T14:21:00+00:00\" \/>\n<meta property=\"article:modified_time\" content=\"2025-08-11T16:38:27+00:00\" \/>\n<meta property=\"og:image\" content=\"https:\/\/bbfw.pl\/wp-content\/uploads\/2025\/08\/DSC00681-Copy.jpg\" \/>\n\t<meta property=\"og:image:width\" content=\"1280\" \/>\n\t<meta property=\"og:image:height\" content=\"721\" \/>\n\t<meta property=\"og:image:type\" content=\"image\/jpeg\" \/>\n<meta name=\"author\" content=\"admin\" \/>\n<meta name=\"twitter:card\" content=\"summary_large_image\" \/>\n<meta name=\"twitter:label1\" content=\"Napisane przez\" \/>\n\t<meta name=\"twitter:data1\" content=\"admin\" \/>\n\t<meta name=\"twitter:label2\" content=\"Szacowany czas czytania\" \/>\n\t<meta name=\"twitter:data2\" content=\"3 minuty\" \/>\n<script type=\"application\/ld+json\" class=\"yoast-schema-graph\">{\"@context\":\"https:\\\/\\\/schema.org\",\"@graph\":[{\"@type\":\"Article\",\"@id\":\"https:\\\/\\\/bbfw.pl\\\/?p=474#article\",\"isPartOf\":{\"@id\":\"https:\\\/\\\/bbfw.pl\\\/?p=474\"},\"author\":{\"name\":\"admin\",\"@id\":\"https:\\\/\\\/bbfw.pl\\\/#\\\/schema\\\/person\\\/01bb4f4aab459097fbb1b3da69ada7e4\"},\"headline\":\"Wizyta Marsza\u0142ka\",\"datePublished\":\"2025-06-06T14:21:00+00:00\",\"dateModified\":\"2025-08-11T16:38:27+00:00\",\"mainEntityOfPage\":{\"@id\":\"https:\\\/\\\/bbfw.pl\\\/?p=474\"},\"wordCount\":238,\"publisher\":{\"@id\":\"https:\\\/\\\/bbfw.pl\\\/#organization\"},\"image\":{\"@id\":\"https:\\\/\\\/bbfw.pl\\\/?p=474#primaryimage\"},\"thumbnailUrl\":\"https:\\\/\\\/bbfw.pl\\\/wp-content\\\/uploads\\\/2025\\\/08\\\/DSC00681-Copy.jpg\",\"articleSection\":[\"PL\"],\"inLanguage\":\"pl-PL\"},{\"@type\":\"WebPage\",\"@id\":\"https:\\\/\\\/bbfw.pl\\\/?p=474\",\"url\":\"https:\\\/\\\/bbfw.pl\\\/?p=474\",\"name\":\"Wizyta Marsza\u0142ka - BBFW - BB Farma Wiatrowa Sp. z.o.o.\",\"isPartOf\":{\"@id\":\"https:\\\/\\\/bbfw.pl\\\/#website\"},\"primaryImageOfPage\":{\"@id\":\"https:\\\/\\\/bbfw.pl\\\/?p=474#primaryimage\"},\"image\":{\"@id\":\"https:\\\/\\\/bbfw.pl\\\/?p=474#primaryimage\"},\"thumbnailUrl\":\"https:\\\/\\\/bbfw.pl\\\/wp-content\\\/uploads\\\/2025\\\/08\\\/DSC00681-Copy.jpg\",\"datePublished\":\"2025-06-06T14:21:00+00:00\",\"dateModified\":\"2025-08-11T16:38:27+00:00\",\"breadcrumb\":{\"@id\":\"https:\\\/\\\/bbfw.pl\\\/?p=474#breadcrumb\"},\"inLanguage\":\"pl-PL\",\"potentialAction\":[{\"@type\":\"ReadAction\",\"target\":[\"https:\\\/\\\/bbfw.pl\\\/?p=474\"]}]},{\"@type\":\"ImageObject\",\"inLanguage\":\"pl-PL\",\"@id\":\"https:\\\/\\\/bbfw.pl\\\/?p=474#primaryimage\",\"url\":\"https:\\\/\\\/bbfw.pl\\\/wp-content\\\/uploads\\\/2025\\\/08\\\/DSC00681-Copy.jpg\",\"contentUrl\":\"https:\\\/\\\/bbfw.pl\\\/wp-content\\\/uploads\\\/2025\\\/08\\\/DSC00681-Copy.jpg\",\"width\":1280,\"height\":721},{\"@type\":\"BreadcrumbList\",\"@id\":\"https:\\\/\\\/bbfw.pl\\\/?p=474#breadcrumb\",\"itemListElement\":[{\"@type\":\"ListItem\",\"position\":1,\"name\":\"Home\",\"item\":\"https:\\\/\\\/bbfw.pl\\\/\"},{\"@type\":\"ListItem\",\"position\":2,\"name\":\"Wizyta Marsza\u0142ka\"}]},{\"@type\":\"WebSite\",\"@id\":\"https:\\\/\\\/bbfw.pl\\\/#website\",\"url\":\"https:\\\/\\\/bbfw.pl\\\/\",\"name\":\"BBFW - BB Farma Wiatrowa Sp. z.o.o.\",\"description\":\"\",\"publisher\":{\"@id\":\"https:\\\/\\\/bbfw.pl\\\/#organization\"},\"potentialAction\":[{\"@type\":\"SearchAction\",\"target\":{\"@type\":\"EntryPoint\",\"urlTemplate\":\"https:\\\/\\\/bbfw.pl\\\/?s={search_term_string}\"},\"query-input\":{\"@type\":\"PropertyValueSpecification\",\"valueRequired\":true,\"valueName\":\"search_term_string\"}}],\"inLanguage\":\"pl-PL\"},{\"@type\":\"Organization\",\"@id\":\"https:\\\/\\\/bbfw.pl\\\/#organization\",\"name\":\"BBFW - BB Farma Wiatrowa Sp. z.o.o.\",\"url\":\"https:\\\/\\\/bbfw.pl\\\/\",\"logo\":{\"@type\":\"ImageObject\",\"inLanguage\":\"pl-PL\",\"@id\":\"https:\\\/\\\/bbfw.pl\\\/#\\\/schema\\\/logo\\\/image\\\/\",\"url\":\"https:\\\/\\\/bbfw.pl\\\/wp-content\\\/uploads\\\/2022\\\/11\\\/bbfw-201x59-1.png\",\"contentUrl\":\"https:\\\/\\\/bbfw.pl\\\/wp-content\\\/uploads\\\/2022\\\/11\\\/bbfw-201x59-1.png\",\"width\":202,\"height\":59,\"caption\":\"BBFW - BB Farma Wiatrowa Sp. z.o.o.\"},\"image\":{\"@id\":\"https:\\\/\\\/bbfw.pl\\\/#\\\/schema\\\/logo\\\/image\\\/\"}},{\"@type\":\"Person\",\"@id\":\"https:\\\/\\\/bbfw.pl\\\/#\\\/schema\\\/person\\\/01bb4f4aab459097fbb1b3da69ada7e4\",\"name\":\"admin\",\"sameAs\":[\"https:\\\/\\\/bbfw.pl\"],\"url\":\"https:\\\/\\\/bbfw.pl\\\/?author=1\"}]}<\/script>\n<!-- \/ Yoast SEO plugin. -->","yoast_head_json":{"title":"Wizyta Marsza\u0142ka - BBFW - BB Farma Wiatrowa Sp. z.o.o.","robots":{"index":"index","follow":"follow","max-snippet":"max-snippet:-1","max-image-preview":"max-image-preview:large","max-video-preview":"max-video-preview:-1"},"canonical":"https:\/\/bbfw.pl\/?p=474","og_locale":"pl_PL","og_type":"article","og_title":"Wizyta Marsza\u0142ka - BBFW - BB Farma Wiatrowa Sp. z.o.o.","og_description":"3 czerwca na terenie Gminy Bia\u0142y B\u00f3r odby\u0142a si\u0119 wizyta z marsza\u0142ka wojew\u00f3dztwa zachodniopomorskiego Olgierda Geblewicza, po\u015bwi\u0119cone Zintegrowanym Inwestycjom Terytorialnym &hellip; Continue reading \"Wizyta Marsza\u0142ka\"","og_url":"https:\/\/bbfw.pl\/?p=474","og_site_name":"BBFW - BB Farma Wiatrowa Sp. z.o.o.","article_published_time":"2025-06-06T14:21:00+00:00","article_modified_time":"2025-08-11T16:38:27+00:00","og_image":[{"width":1280,"height":721,"url":"https:\/\/bbfw.pl\/wp-content\/uploads\/2025\/08\/DSC00681-Copy.jpg","type":"image\/jpeg"}],"author":"admin","twitter_card":"summary_large_image","twitter_misc":{"Napisane przez":"admin","Szacowany czas czytania":"3 minuty"},"schema":{"@context":"https:\/\/schema.org","@graph":[{"@type":"Article","@id":"https:\/\/bbfw.pl\/?p=474#article","isPartOf":{"@id":"https:\/\/bbfw.pl\/?p=474"},"author":{"name":"admin","@id":"https:\/\/bbfw.pl\/#\/schema\/person\/01bb4f4aab459097fbb1b3da69ada7e4"},"headline":"Wizyta Marsza\u0142ka","datePublished":"2025-06-06T14:21:00+00:00","dateModified":"2025-08-11T16:38:27+00:00","mainEntityOfPage":{"@id":"https:\/\/bbfw.pl\/?p=474"},"wordCount":238,"publisher":{"@id":"https:\/\/bbfw.pl\/#organization"},"image":{"@id":"https:\/\/bbfw.pl\/?p=474#primaryimage"},"thumbnailUrl":"https:\/\/bbfw.pl\/wp-content\/uploads\/2025\/08\/DSC00681-Copy.jpg","articleSection":["PL"],"inLanguage":"pl-PL"},{"@type":"WebPage","@id":"https:\/\/bbfw.pl\/?p=474","url":"https:\/\/bbfw.pl\/?p=474","name":"Wizyta Marsza\u0142ka - BBFW - BB Farma Wiatrowa Sp. z.o.o.","isPartOf":{"@id":"https:\/\/bbfw.pl\/#website"},"primaryImageOfPage":{"@id":"https:\/\/bbfw.pl\/?p=474#primaryimage"},"image":{"@id":"https:\/\/bbfw.pl\/?p=474#primaryimage"},"thumbnailUrl":"https:\/\/bbfw.pl\/wp-content\/uploads\/2025\/08\/DSC00681-Copy.jpg","datePublished":"2025-06-06T14:21:00+00:00","dateModified":"2025-08-11T16:38:27+00:00","breadcrumb":{"@id":"https:\/\/bbfw.pl\/?p=474#breadcrumb"},"inLanguage":"pl-PL","potentialAction":[{"@type":"ReadAction","target":["https:\/\/bbfw.pl\/?p=474"]}]},{"@type":"ImageObject","inLanguage":"pl-PL","@id":"https:\/\/bbfw.pl\/?p=474#primaryimage","url":"https:\/\/bbfw.pl\/wp-content\/uploads\/2025\/08\/DSC00681-Copy.jpg","contentUrl":"https:\/\/bbfw.pl\/wp-content\/uploads\/2025\/08\/DSC00681-Copy.jpg","width":1280,"height":721},{"@type":"BreadcrumbList","@id":"https:\/\/bbfw.pl\/?p=474#breadcrumb","itemListElement":[{"@type":"ListItem","position":1,"name":"Home","item":"https:\/\/bbfw.pl\/"},{"@type":"ListItem","position":2,"name":"Wizyta Marsza\u0142ka"}]},{"@type":"WebSite","@id":"https:\/\/bbfw.pl\/#website","url":"https:\/\/bbfw.pl\/","name":"BBFW - BB Farma Wiatrowa Sp. z.o.o.","description":"","publisher":{"@id":"https:\/\/bbfw.pl\/#organization"},"potentialAction":[{"@type":"SearchAction","target":{"@type":"EntryPoint","urlTemplate":"https:\/\/bbfw.pl\/?s={search_term_string}"},"query-input":{"@type":"PropertyValueSpecification","valueRequired":true,"valueName":"search_term_string"}}],"inLanguage":"pl-PL"},{"@type":"Organization","@id":"https:\/\/bbfw.pl\/#organization","name":"BBFW - BB Farma Wiatrowa Sp. z.o.o.","url":"https:\/\/bbfw.pl\/","logo":{"@type":"ImageObject","inLanguage":"pl-PL","@id":"https:\/\/bbfw.pl\/#\/schema\/logo\/image\/","url":"https:\/\/bbfw.pl\/wp-content\/uploads\/2022\/11\/bbfw-201x59-1.png","contentUrl":"https:\/\/bbfw.pl\/wp-content\/uploads\/2022\/11\/bbfw-201x59-1.png","width":202,"height":59,"caption":"BBFW - BB Farma Wiatrowa Sp. z.o.o."},"image":{"@id":"https:\/\/bbfw.pl\/#\/schema\/logo\/image\/"}},{"@type":"Person","@id":"https:\/\/bbfw.pl\/#\/schema\/person\/01bb4f4aab459097fbb1b3da69ada7e4","name":"admin","sameAs":["https:\/\/bbfw.pl"],"url":"https:\/\/bbfw.pl\/?author=1"}]}},"_links":{"self":[{"href":"https:\/\/bbfw.pl\/index.php?rest_route=\/wp\/v2\/posts\/474","targetHints":{"allow":["GET"]}}],"collection":[{"href":"https:\/\/bbfw.pl\/index.php?rest_route=\/wp\/v2\/posts"}],"about":[{"href":"https:\/\/bbfw.pl\/index.php?rest_route=\/wp\/v2\/types\/post"}],"author":[{"embeddable":true,"href":"https:\/\/bbfw.pl\/index.php?rest_route=\/wp\/v2\/users\/1"}],"replies":[{"embeddable":true,"href":"https:\/\/bbfw.pl\/index.php?rest_route=%2Fwp%2Fv2%2Fcomments&post=474"}],"version-history":[{"count":3,"href":"https:\/\/bbfw.pl\/index.php?rest_route=\/wp\/v2\/posts\/474\/revisions"}],"predecessor-version":[{"id":489,"href":"https:\/\/bbfw.pl\/index.php?rest_route=\/wp\/v2\/posts\/474\/revisions\/489"}],"wp:featuredmedia":[{"embeddable":true,"href":"https:\/\/bbfw.pl\/index.php?rest_route=\/wp\/v2\/media\/478"}],"wp:attachment":[{"href":"https:\/\/bbfw.pl\/index.php?rest_route=%2Fwp%2Fv2%2Fmedia&parent=474"}],"wp:term":[{"taxonomy":"category","embeddable":true,"href":"https:\/\/bbfw.pl\/index.php?rest_route=%2Fwp%2Fv2%2Fcategories&post=474"},{"taxonomy":"post_tag","embeddable":true,"href":"https:\/\/bbfw.pl\/index.php?rest_route=%2Fwp%2Fv2%2Ftags&post=474"}],"curies":[{"name":"wp","href":"https:\/\/api.w.org\/{rel}","templated":true}]}}